{"id":66393,"date":"2026-02-18T01:12:21","date_gmt":"2026-02-18T01:12:21","guid":{"rendered":"https:\/\/mia.dsmm.me\/?p=66393"},"modified":"2026-02-18T01:12:24","modified_gmt":"2026-02-18T01:12:24","slug":"motogp-motogp-marquez-legyozte-bezzecchit-ezzel-segitve-a-csapatot-agostini-fole-a-dramai-holland-nagydijon","status":"publish","type":"post","link":"https:\/\/mia.dsmm.me\/index.php\/2026\/02\/18\/motogp-motogp-marquez-legyozte-bezzecchit-ezzel-segitve-a-csapatot-agostini-fole-a-dramai-holland-nagydijon\/","title":{"rendered":"MotoGP: MotoGP: Marquez legy\u0151zte Bezzecchit, ezzel seg\u00edtve a csapatot Agostini f\u00f6l\u00e9 a dr\u00e1mai Holland Nagyd\u00edjon"},"content":{"rendered":"<p>Van egy kudarc, akinek k\u00e9t pillanata van Guido Pini (LIQUI MOLY Dynavolt Undamaged GP) kiv\u00e1laszt\u00e1s\u00e1ra, ami azt jelenti, hogy a k\u00f6vetkez\u0151 mez\u0151nyben lila z\u00e1szl\u00f3k voltak \u2013 egy j\u00f3 k\u00f6rrel k\u00e9s\u0151bb Luca Lunetta (SIC58 Squadra Corse) is lemaradt. Rueda megszerezte a pole poz\u00edci\u00f3t csapatt\u00e1rsa, Carpe \u00e9s Almansa el\u0151tt, akik az \u00e9len fejezt\u00e9k be a versenyt. <!--more--> Furusato a k\u00f6r k\u00e9s\u0151bbi szakasz\u00e1ban jav\u00edtott, hogy megszerezze szezonbeli <a href=\"https:\/\/fogadas-sport.com\/pariuri-sportive-rezultate\/\">fedezze fel itt<\/a> legjobbj\u00e1t a negyedik helyen, honfit\u00e1rsa, Yamanaka pedig az \u00f6t\u00f6dik helyen v\u00e9gzett \u2013 az \u00f6t legjobbjuk k\u00f6z\u00fcl h\u00e1rom a Q1-b\u0151l sz\u00e1rmazik. A Purple Bull KTM Ajo az asseni futamon els\u0151 rajtkock\u00e1t szerzett, a c\u00edmv\u00e9d\u0151 Jose Antonio Rueda csapatt\u00e1rsa, Alvaro Carpe el\u0151tt, David Almansa (Leopard Race) pedig egy harmadik szettet szerzett, m\u00e9ghozz\u00e1 szenz\u00e1ci\u00f3s 0,066 m\u00e1sodperces lemarad\u00e1sban a c\u00e9lt\u00f3l. A Moto3 alig okozott csal\u00f3d\u00e1st, r\u00e1ad\u00e1sul val\u00f3ban fel\u00fclm\u00falta az asseni id\u0151m\u00e9r\u0151 leg\u00fajabb list\u00e1j\u00e1t \u2013 a s\u00f6t\u00e9t felh\u0151k ellen\u00e9re a Q1 \u00e9s Q2 sor\u00e1n is t\u00e9tlenek maradtak. Az 5. k\u00f6r elej\u00e9n az \u00faj Sprint kicsit lejjebb ker\u00fclt, de Alex Marquez szeretn\u00e9 beengedni az \u00faj #93-as aut\u00f3t.<\/p>\n<h2 id=\"toc-0\">Fedezze fel itt &#8211; Jorge Martin: A Paradicsomb\u00f3l a Pokolba<\/h2>\n<p>Alex Marquez \u00e9s Acosta a d\u00f6rzskarokat \u00e9s az idomokat haszn\u00e1lta az 5-\u00f6s kanyar kiugr\u00e1s\u00e1hoz, \u00e9s h\u00e1trafel\u00e9 egyenesen haladva Marquez gyorsan leesett. A Gresini szt\u00e1r korm\u00e1nykerek\u00e9b\u0151l ki\u00e1raml\u00f3 er\u0151s cigarettaf\u00fcst arra utalt, hogy valami t\u00f6rt\u00e9nt a f\u00e9kkarral, de mindenesetre Alex Marquez nagyd\u00edja v\u00e9get \u00e9rt \u2013 \u00e9s k\u00e9s\u0151bb kider\u00fclt, hogy a sr\u00e1c szerencs\u00e9tlen\u00fcl elt\u00f6rte a bal kez\u00e9t. Teljes k\u00f6r\u0171 \u00f6sszefog\u00e1s volt, hogy Marquezhez ker\u00fclj a nagyd\u00edjra. Az \u00faj Noale-i rakt\u00e1rb\u00f3l kisz\u00e1ll\u00edtott\u00e1k az \u00faj aerodinamikai alkatr\u00e9szeket Hollandi\u00e1ba, \u00e9s Lorenzo Savadori a h\u00e9tf\u0151i \u00e9rt\u00e9kel\u00e9st\u0151l fogadta a megb\u00edz\u00e1st. A c\u00e9g versenyz\u0151je ugr\u00e1sszer\u0171en n\u00f6velte a teljes\u00edtm\u00e9ny\u00e9t az id\u0151m\u00e9r\u0151 edz\u00e9sen, \u00e9s Bezzecchinek meg kell szereznie a st\u00e1tuszt a h\u00e9tv\u00e9g\u00e9re.<\/p>\n<h2 id=\"toc-1\">L\u00c1THATATLAN: H\u00e1rom nyertesr\u0151l Inside Conversation<\/h2>\n<p>Bagnaia a h\u00e9tv\u00e9gi Holland Nagyd\u00edjon csapatt\u00e1rsa, Marc Marquez m\u00f6g\u00f6tt \u00e9rkezik a c\u00edmmel kapcsolatos 110 dolog k\u00f6z\u00fcl. A sr\u00e1c a Tech3 KTM versenyz\u0151j\u00e9t, Maverick Vinales-t megel\u0151zte, aki mind\u00f6ssze 0,313 m\u00e1sodperccel volt Marquez m\u00f6g\u00f6tt &#8211; de a jobb k\u00f6r\u00e9t 1:32,529-r\u0151l lemaradva egy nagyszer\u0171 20 k\u00f6r\u00f6s \u00e1tlagos fen\u00e9kre n\u00f6velte. A d\u00e9li edz\u00e9sen az \u00faj Ducati versenyz\u0151 ism\u00e9t gyorsan megcs\u00faszott. &quot;Term\u00e9szetesen nagyon el\u00e9gedett vagyok a csapat munk\u00e1j\u00e1val a balesetek \u00e9s a vas\u00e1rnapi esem\u00e9nyek ut\u00e1n kedden, nagyszer\u0171 h\u00e9tv\u00e9ge volt.&quot;<\/p>\n<ul>\n<li>Gresini szem\u00e9lyazonoss\u00e1g\u00e1ra es\u00e9lyes Alex Marquez ideiglenesen megpr\u00f3b\u00e1lkozik a pole poz\u00edci\u00f3val, miel\u0151tt az \u00e9lvonal k\u00fcls\u0151 r\u00e9sz\u00e9\u00e9rt szor\u00edtan\u00e1k.<\/li>\n<li>\u201eLehet, hogy nem a k\u00f6vetkez\u0151 sor k\u00f6r\u00fcli nyerem\u00e9nyekre sz\u00e1m\u00edtottam, de j\u00f3l indult a meccs, \u00e9s arra koncentr\u00e1ltam, hogy a meccs 100%-ban hibamentes legyen\u201d \u2013 mondta Marquez a nyerem\u00e9ny rem\u00e9ny\u00e9ben.<\/li>\n<li>Miut\u00e1n Aleix Espargar\u00f3 kiesett a ki\u00e9gett aut\u00f3k miatt, Joan Mir \u00e9s Luca Marini a tizennyolcadik, majd a tizenkilencedik poz\u00edci\u00f3 k\u00f6r\u00fcl ugrottak fel a rajtr\u00e1csra.<\/li>\n<li>Mik\u00f6zben a l\u00e1mp\u00e1k a c\u00e9legyenesbe \u00e9rtek, Bagnaia a ny\u00edlt\u00f3l t\u00e1volodva tartotta a rajtkock\u00e1t, Martin a m\u00e1sodik helyen maradt, de Alex Marquez (Gresini Rushing MotoGP\u2122) t\u00e1madott \u00e9s \u00e1tvette az ir\u00e1ny\u00edt\u00e1st a harmadik helyen.<\/li>\n<li>Miut\u00e1n MotoGP-p\u00e1lyafut\u00e1sa sor\u00e1n mindk\u00e9t p\u00e9nteki rutin\u00f3r\u00e1t az alapid\u0151ben teljes\u00edtette, \u00e9s kiv\u00e1l\u00f3 k\u00f6rlist\u00e1val rendelkez\u0151 lovakat is megnyert, Bagnaia mindig is hozz\u00e1j\u00e1rult a 13 k\u00f6r\u00f6s asseni versenyhez.<\/li>\n<li>Aldeguer elvette a saj\u00e1tj\u00e1t, \u00e9s te a nyolcadik helyen \u00e1llhatsz be az \u00faj b\u00e1zisra, azonban a sr\u00e1cot k\u00e9s\u0151bb \u00fagy fogj\u00e1k hirdetni, hogy seg\u00edtsen neked a hetedik helyen, mivel az Acosta nem vette el a saj\u00e1tj\u00e1t, \u00e9s hasonl\u00f3 napi b\u00fcntet\u00e9st kapsz a verseny ut\u00e1n.<\/li>\n<\/ul>\n<p><img decoding=\"async\" src=\"https:\/\/ui.sportsbetting.ag\/nts\/images\/mobile-betting-Real-player.jpg\" alt=\"fedezze fel itt\" border=\"1\" align=\"right\" style=\"padding: 20px;\"><\/p>\n<p>Lorenzo Savadori \u00e9s Alex Rins is s\u00e9r\u00fclten, a leg\u00fajabb Yamaha versenyz\u0151 is regisztr\u00e1l, m\u00edg Luca Marini Repsol Hond\u00e1ja f\u00fcst\u00f6s rendszerhib\u00e1t mutat. Aleix Espargaro, aki m\u00e1r kedden megcs\u00faszott, \u00e9s majdnem utol\u00e9rte Marc Marquez egy h\u00e9ttel ezel\u0151tti baleset\u00e9t, a hatodik j\u00e1sz\u00f3ban, az utols\u00f3 el\u0151tti helyr\u0151l indulva s\u00falyos \u00fctk\u00f6z\u00e9st szenvedett az utols\u00f3 k\u00f6rben. Bagnaia gy\u00e1ri Ducati-s t\u00e1rsa, Enea Bastianini \u00e1tk\u00fczd\u00f6tte mag\u00e1t a d\u00f6mpingen, hogy be\u00e9rjen az utols\u00f3 szettbe. A verseny az \u00faj holland MotoGP-vel kezd\u0151dik Assenben, a 2024-es helyi verseny 8. hely\u00e9n (21-b\u0151l). Nagyon k\u00f6sz\u00f6n\u00f6m, ASSENBEN Ez egy eml\u00e9kezetes h\u00e9tv\u00e9ge, mivel az egyetlen eml\u00edt\u00e9sre m\u00e9lt\u00f3 TT rutin Assen 100 \u00e9v m\u00falva lesz, \u00e9s most m\u00e1r k\u00e9szen \u00e1llunk arra, hogy kipr\u00f3b\u00e1ljuk az \u00faj Sachsenringet a tizenegyedik fordul\u00f3ban. Az asseni gyorsas\u00e1gi versenyen el\u00e9rt gy\u0151zelem, valamint Marc Marquez n\u00f6velte el\u0151ny\u00e9t a 2025-\u00f6s MotoGP-pontsz\u00e1m el\u0151tt.<\/p>\n<p>Az \u00faj, idegen nyelv\u0171 KTM-pil\u00f3ta Aldeguer \u00e9s Morbidelli el\u0151tt haladta meg az \u00fajoncok list\u00e1j\u00e1t, de egy k\u00e9sedelmi b\u00fcntet\u00e9s miatt lefokozt\u00e1k, mert saj\u00e1t maga is szab\u00e1lytalans\u00e1gokat k\u00f6vetett el a versenyz\u00e9si szab\u00e1lyok tekintet\u00e9ben. Ott van a leggyorsabb k\u00f6r piaca, ami a gy\u00e1rt\u00e1s szempontj\u00e1b\u00f3l kiss\u00e9 vonz\u00f3, de a megfelel\u0151 felv\u00e9teli folyamat meglehet\u0151sen bonyolult lehet a kezd\u0151 sz\u00e1m\u00e1ra. A szab\u00e1lyok \u00e1ltal\u00e1ban lehet\u0151v\u00e9 teszik a vezet\u00e9si tulajdons\u00e1gok, a hangol\u00e1si \u00e1llapot, a teljes\u00edtm\u00e9nycs\u00facs \u00e9s a gumiabroncs-kop\u00e1s \u00e1ttekint\u00e9s\u00e9t, hogy elk\u00e9pzelj\u00fck a leg\u00fajabb versenyz\u0151ket, akik r\u00f6videbb k\u00f6rt tudnak futni, mint a t\u00f6bbi versenyz\u0151. Az \u00faj Assen MotoGP k\u00f6rlista az elm\u00falt \u00e9vekben sokszor megv\u00e1ltozott. Nagyon val\u00f3sz\u00edn\u0171, hogy tov\u00e1bb romlik, mivel az \u00faj motorok alacsonyabb pontsz\u00e1mot \u00e9rnek el. 1955-ben k\u00e9sz\u00fclt, \u00e9s ezt tartj\u00e1k a motorversenyz\u00e9s \u00faj sz\u00e9kesegyh\u00e1z\u00e1nak.<\/p>\n<p>Az 500 k\u00f6bcentisekn\u00e9l Giacomo Agostini \u00e9s Mick Doohan egym\u00e1s ut\u00e1n \u00f6t \u00e9ve nyert\u00e9k meg a leg\u00fajabb holland TT-t. A 4. helyet Sergio Garcia (MT Helmets \u2013 MSI) el\u0151zte meg, aki egy er\u0151s k\u00f6rt futott kor\u00e1n, \u00e9s egyenletes sebess\u00e9get mutatott a kateg\u00f3ri\u00e1ban. Tony Arbolino az Elf Marc VDS Race Group Kalex\u00e9rt k\u00fczd\u00f6tt az els\u0151 \u00f6t k\u00f6z\u00f6tt Aron Canet (Fantic Race) el\u0151tt. Az \u00faj #49-es mind\u00f6ssze 0,374 m\u00e1sodperccel lemaradva a jobb helyt\u0151l, az \u00faj p\u00e9ld\u00e1nyt Alonso Lopez (Folladore SpeedUp) el\u0151tt \u00e9rte el, \u00e9s Manuel Gonzalez (QJMOTOR Gresini Moto2\u2122) a nyolcadik helyen z\u00e1rta. A vil\u00e1gbajnoki c\u00edm\u00e9rt k\u00fczd\u0151 David Alonso (CFMOTO Gaviota Aspar Team) k\u00e9nytelen volt be\u00e9rni a 13. hellyel a Q2-ben, mivel a kolumbiai megpr\u00f3b\u00e1lja megv\u00e9deni mag\u00e1t a havi gyenge szombati szezon v\u00e9ge el\u0151tti felk\u00e9sz\u00fcl\u00e9st\u0151l. Egy m\u00e1sik fell\u00e9p\u00e9s sor\u00e1n az \u00faj dal felp\u00f6rg\u00f6tt, \u00e9s Marquez egyike azoknak, akik valahogy nem kapt\u00e1k meg azt a helyet, amire v\u00e1gytak.<\/p>\n<p>A friss Hond\u00e1k nemcsak hogy lass\u00faak voltak, mivel Joan Mir azt sugallta, hogy az \u00faj l\u00e9tes\u00edtm\u00e9ny technol\u00f3gi\u00e1ja nem tartotta a l\u00e9p\u00e9st m\u00e1sokkal, de nem is igaz\u00e1n \u00e9rezte j\u00f3l mag\u00e1t egy j\u00f3 asseni kock\u00e1s z\u00e1szl\u00f3 ut\u00e1n. A 6. helyen Maverick Vinales (Tech3 KTM), Fermin Aldeguer (Gresini) a 7. helyen v\u00e9gzett egy hossz\u00fa k\u00f6r\u00f6s b\u00fcntet\u00e9s ut\u00e1n, ami\u00e9rt versenykorl\u00e1toz\u00e1sokat kellett fizetnie. A Rod State pil\u00f3t\u00e1ja, Fabio Quartararo r\u00f6gt\u00f6n az els\u0151 sorban \u00e1llt, de k\u00f6nnyen lejjebb ker\u00fclt, \u00edgy a negyedik helyen v\u00e9gzett, \u00e9s k\u00e9s\u0151bb kiesett a versenyb\u0151l. Pecco Bagnaia remek\u00fcl indult az \u00faj els\u0151 sor k\u00f6zep\u00e9r\u0151l, \u00e9s az \u00faj holeshotot az 1. fordul\u00f3ban szerezte meg, miut\u00e1n Fabio Quartararo (Monster Opportunity Yamaha MotoGP) kicsit elrontotta az elej\u00e9t. Az \u00faj pole poz\u00edci\u00f3t ind\u00edt\u00f3 versenyz\u0151 az utols\u00f3 helyen \u00e1ll, Alex Marquez k\u00f6vetkezik, Marc Marquez pedig a harmadik \u2013 de nem \u0151. Marc ezut\u00e1n a testv\u00e9r\u00fck el\u0151tt a k\u00f6r el\u0151tt haladt, hogy csapatt\u00e1rsa, Pecco m\u00f6g\u00f6tt maradjon.<\/p>\n<p><img decoding=\"async\" src=\"https:\/\/casino.buzz\/wp-content\/uploads\/2019\/05\/image.jpeg\" alt=\"fedezze fel itt\" border=\"0\" align=\"left\" ><\/p>\n<p>Acosta k\u00f6nnyed\u00e9n v\u00e9gzett Vinales ellen, \u00e9s megszerezheted a 3. helyet a n\u00e9gy nagyd\u00edjon \u2013 pr\u00f3b\u00e1lj ki valami igaz\u00e1n vacak dolgot? Az egyetlen dolog, ami miatt Pedro nagyon fog nyafogni, az az, hogy a h\u00e9tv\u00e9g\u00e9n lesz\u00e1ll\u00e1s ut\u00e1n megcs\u00edpte egy m\u00e9h, \u00e9s allergia miatt orvoshoz kell mennie. A Spanyol Nagyd\u00edjon el\u0151sz\u00f6r Enea Bastianini megpr\u00f3b\u00e1lt visszaker\u00fclni az els\u0151 t\u00edzbe egy nagyd\u00edj el\u0151tt, a kilencedik helyen \u00e9rt c\u00e9lba az \u00faj Purple Bull KTM Tech3 szerveren. Mindez annak ellen\u00e9re, hogy Marquez h\u00e9tf\u0151n n\u00e9h\u00e1ny nagy buk\u00e1st szenvedett el, mivel nem volt optim\u00e1lis \u00e1llapotban.<\/p>\n","protected":false},"excerpt":{"rendered":"<p>Van egy kudarc, akinek k\u00e9t pillanata van Guido Pini (LIQUI MOLY Dynavolt Undamaged GP) kiv\u00e1laszt\u00e1s\u00e1ra, ami azt jelenti, hogy a k\u00f6vetkez\u0151 mez\u0151nyben lila z\u00e1szl\u00f3k voltak \u2013 egy j\u00f3 k\u00f6rrel k\u00e9s\u0151bb Luca Lunetta (SIC58 Squadra Corse) is lemaradt. Rueda megszerezte a pole poz\u00edci\u00f3t csapatt\u00e1rsa, Carpe \u00e9s Almansa el\u0151tt, akik az \u00e9len fejezt\u00e9k be a versenyt.<\/p>\n","protected":false},"author":1,"featured_media":0,"comment_status":"closed","ping_status":"open","sticky":false,"template":"","format":"standard","meta":{"footnotes":""},"categories":[1],"tags":[],"_links":{"self":[{"href":"https:\/\/mia.dsmm.me\/index.php\/wp-json\/wp\/v2\/posts\/66393"}],"collection":[{"href":"https:\/\/mia.dsmm.me\/index.php\/wp-json\/wp\/v2\/posts"}],"about":[{"href":"https:\/\/mia.dsmm.me\/index.php\/wp-json\/wp\/v2\/types\/post"}],"author":[{"embeddable":true,"href":"https:\/\/mia.dsmm.me\/index.php\/wp-json\/wp\/v2\/users\/1"}],"replies":[{"embeddable":true,"href":"https:\/\/mia.dsmm.me\/index.php\/wp-json\/wp\/v2\/comments?post=66393"}],"version-history":[{"count":1,"href":"https:\/\/mia.dsmm.me\/index.php\/wp-json\/wp\/v2\/posts\/66393\/revisions"}],"predecessor-version":[{"id":66394,"href":"https:\/\/mia.dsmm.me\/index.php\/wp-json\/wp\/v2\/posts\/66393\/revisions\/66394"}],"wp:attachment":[{"href":"https:\/\/mia.dsmm.me\/index.php\/wp-json\/wp\/v2\/media?parent=66393"}],"wp:term":[{"taxonomy":"category","embeddable":true,"href":"https:\/\/mia.dsmm.me\/index.php\/wp-json\/wp\/v2\/categories?post=66393"},{"taxonomy":"post_tag","embeddable":true,"href":"https:\/\/mia.dsmm.me\/index.php\/wp-json\/wp\/v2\/tags?post=66393"}],"curies":[{"name":"wp","href":"https:\/\/api.w.org\/{rel}","templated":true}]}}